{"id":6710,"date":"2026-04-24T12:44:03","date_gmt":"2026-04-24T09:44:03","guid":{"rendered":"https:\/\/www.alarifimedical.com\/?p=6710"},"modified":"2026-08-17T02:26:46","modified_gmt":"2026-08-16T23:26:46","slug":"h1-district-13-la-foire-d-art-contemporain-urbain","status":"publish","type":"post","link":"https:\/\/www.alarifimedical.com\/ar\/h1-district-13-la-foire-d-art-contemporain-urbain\/","title":{"rendered":"<h1>District 13, la foire d&#8217;art contemporain urbain revient du 10 au 12 janvier 2025<\/h1>"},"content":{"rendered":"<div class=\"toc\" style=\"display:table; margin-bottom:1em; padding:1em; width:350px;\">\n<p style=\"font-weight:700;text-align: center;\">Content<\/p>\n<ul>\n<li><a href=\"#prix-tudiants-paris-photo-2026-d-couvrez-les-20-projets-pr-s-lectionn-s\">Prix \u00c9tudiants Paris Photo 2026 : d\u00e9couvrez les 20 projets pr\u00e9s\u00e9lectionn\u00e9s<\/a>\n<ul>\n<li><a href=\"#plus-de-bons-plans-arts-et-culture-paris\">Plus de bons plans Arts et culture \u00e0 Paris<\/a><\/li>\n<li><a href=\"#septembre-cours-d-histoire-de-l-art-dans-la-rue-paris-20e-et-13e\">septembre\u00a0: Cours d\u2019histoire de l\u2019art dans la rue (Paris, 20e et 13e)<\/a><\/li>\n<\/ul>\n<\/li>\n<li><a href=\"#une-foire-pens-e-comme-un-parcours\">Une foire pens\u00e9e comme un parcours<\/a><\/li>\n<li><a href=\"#a-fait-partie-du-projet-de-revitalisation-du-centre-un-nouveau-march-et-des-nouveaut-s-dans-cette-ville-en-gironde\">&#8220;\u00c7a fait partie du projet de revitalisation du centre&#8221;: un nouveau march\u00e9 et des nouveaut\u00e9s dans cette ville en Gironde<\/a>\n<ul>\n<li><a href=\"#cardio-mobilit-et-relaxation-le-programme-sportif-gratuit-du-dimanche-dans-5-parcs-parisiens\">Cardio, mobilit\u00e9 et relaxation : le programme sportif gratuit du dimanche dans 5 parcs parisiens<\/a><\/ul>\n<\/li>\n<\/li>\n<\/ul>\n<\/div>\n<p>L&apos;Institut du monde arabe et la Maison europ&#xE9;enne de la photographie pr&#xE9;sentent la 2e Biennale des photographes du monde arabe contemporain. Tout le programme sur parcoursbijoux.com Un parcours hors des sentiers battus &#xE0; travers 200 cr&#xE9;ateurs &#xE0; d&#xE9;couvrir et 40 expositions. Install&#xE9;e au c&#x153;ur de l&#x2019;H&#xF4;tel Drouot, District 13 Art Fair s&#x2019;impose, &#xE9;dition apr&#xE8;s &#xE9;dition, comme l&#x2019;un des &#xE9;v&#xE9;nements incontournables de l&#x2019;art urbain et contemporain &#xE0; Paris. Et pour celles et ceux qui le souhaitent, la possibilit&#xE9; d&#x2019;acqu&#xE9;rir des &#x153;uvres sur place, du coup de c&#x153;ur accessible aux pi&#xE8;ces plus rares, et d&#x2019;entrer dans l&#x2019;univers des collectionneurs. C&apos;est une excellente excuse pour foncer dans les galeries d&apos;art et mus&#xE9;es de la capitale, afin de profiter des expos photos du moment.<\/p>\n<h2 id=\"prix-tudiants-paris-photo-2026-d-couvrez-les-20-projets-pr-s-lectionn-s\">Prix &#xC9;tudiants Paris Photo 2026 : d&#xE9;couvrez les 20 projets pr&#xE9;s&#xE9;lectionn&#xE9;s<\/h2>\n<p>Les expositions photos &#xE0; voir absolument &#xE0; Paris et en &#xCE;le-de-France en ce moment Les expositions de janvier 2027 &#xE0; Paris et en &#xCE;le-de-France, le programme de la nouvelle ann&#xE9;e Ces artistes sont mis en lumi&#xE8;re dans des expositions et des shows &#xE0; d&#xE9;couvrir tout au long du salon. Inspir&#xE9;e de la Tour Paris 13, la foire d&apos;art urbain nous attend pour sa huiti&#xE8;me &#xE9;dition, avec un programme toujours aussi riche et passionnant.<\/p>\n<p>Le Palais Galliera, le mus&#xE9;e de la mode pour tous les amoureux de la haute couture &#xE0; Paris Le mus&#xE9;e Cognacq-Jay &#xE0; Paris, un mus&#xE9;e de collectionneur au c&#x153;ur du Marais Le Petit Palais &#xE0; Paris et ses tr&#xE9;sors cach&#xE9;s, le mus&#xE9;e gratuit, ses horaires et expositions 15 expositions &#xE0; d&#xE9;couvrir avec les enfants en ce moment &#xE0; Paris Les expositions de street-art &#xE0; d&#xE9;couvrir absolument &#xE0; Paris et en &#xCE;le-de-France<\/p>\n<h3 id=\"plus-de-bons-plans-arts-et-culture-paris\">Plus de bons plans Arts et culture &#xE0; Paris<\/h3>\n<p>Depuis sa cr&#xE9;ation en 2018, la foire s&#x2019;est distingu&#xE9;e par un programme riche et vari&#xE9;, enregistrant une croissance significative en audience et en pertinence. Depuis 2018, District 13 s&#x2019;affirme au coeur de Paris, au sein de l&apos;H&#xF4;tel Drouot, comme l&#x2019;une des foires d&#x2019;art contemporain les plus captivantes, ancr&#xE9;e dans la culture urbaine.District 13 propose &#xE0; chaque &#xE9;dition une s&#xE9;lection affin&#xE9;e de galeries repr&#xE9;sentatives de la sc&#xE8;ne artistique street art. En plus des live paintings et des performances, le public pourra participer &#xE0; des ateliers de s&#xE9;rigraphie et de peinture ouverts &#xE0; tous, petits et grands &#x2014; une occasion unique de plonger au c&#x153;ur de la cr&#xE9;ation et d&#x2019;exp&#xE9;rimenter les techniques des artistes. Devenue en quelques ann&#xE9;es le rendez-vous phare du street art contemporain, la foire r&#xE9;unit chaque ann&#xE9;e une s&#xE9;lection exigeante de galeries fran&#xE7;aises et internationales parmi les plus embl&#xE9;matiques de la sc&#xE8;ne urbaine.<\/p>\n<ul>\n<li>Comme tous les vrais tr&#xE9;sors, celui-ci est bien planqu&#xE9; au fin fond du XVIIIe, dans un ancien hangar de la SNCF.<\/li>\n<li>Le Mus&#xE9;um National d&apos;Histoire naturelle de Paris et ses tr&#xE9;sors &#xE0; d&#xE9;couvrir &#8211; programme<\/li>\n<li>Inspir&#xE9;e de la Tour Paris 13, la foire d&apos;art urbain nous attend pour sa huiti&#xE8;me &#xE9;dition, avec un programme toujours aussi riche et passionnant.<\/li>\n<li>&#xC9;v&#xE9;nement culturel et artistique devenu incontournable &#xE0; Paris, District 13 Art Fair propose &#xE0; chaque &#xE9;dition une s&#xE9;lection affin&#xE9;e de galeries les plus repr&#xE9;sentatives de la sc&#xE8;ne artistique street art &#xE0; d&#xE9;couvrir et &#xE0; admirer.<\/li>\n<\/ul>\n<h3 id=\"septembre-cours-d-histoire-de-l-art-dans-la-rue-paris-20e-et-13e\">septembre&#xA0;: Cours d&#x2019;histoire de l&#x2019;art dans la rue (Paris, 20e et 13e)<\/h3>\n<p>Le Mus&#xE9;um National d&apos;Histoire naturelle de Paris et ses tr&#xE9;sors &#xE0; d&#xE9;couvrir &#8211; programme Depuis 2018, District 13 s&#x2019;affirme au c&#x153;ur de Paris, au sein du c&#xE9;l&#xE8;bre H&#xF4;tel Drouot, comme l&#x2019;une des foires d&#x2019;art contemporain les plus captivantes, ancr&#xE9;e dans la culture urbaine. S&#xE9;bastien Bolant, fondateur de SBO, directeur G&#xE9;n&#xE9;ral a su mettre &#xE0; l&#x2019;honneur les diff&#xE9;rents intervenants de l&#x2019;art contemporain, de la photographie, mus&#xE9;es, galeries, &#xE9;diteurs et artistes.<\/p>\n<p>&#xC0; l&apos;occasion de Paris Photo, d&#xE9;couvrez R&#xE9;v&#xE9;ler, un accrochage exceptionnel con&#xE7;u &#xE0; partir de la Collection de photographie du Centre Pompidou. Pour faire d&#xE9;couvrir ce patrimoine haut en couleur, de nombreuses balades comment&#xE9;es sont propos&#xE9;es dont certaines s&#x2019;effectuent en courant. Le Mus&#xE9;e de Cluny, le mus&#xE9;e du Moyen-&#xC2;ge de Paris, son programme et ses tr&#xE9;sors s&#xE9;culaires Les expositions d&apos;art contemporain &#xE0; d&#xE9;couvrir ces jours-ci &#xE0; Paris Parmi les initiatives innovantes, Renk&#x2019;Art recycle des fossiles de peinture pour en faire des bijoux uniques. Depuis sa cr&#xE9;ation en 2018, la foire s&#x2019;est distingu&#xE9;e par un programme riche et vari&#xE9;, enregistrant une croissance signifi cative en audience et en pertinence.<\/p>\n<p>Que visiter dans le 13e arrondissement de Paris ? Que visiter dans le 12e <a href=\"https:\/\/13artfair.fr\/\">13artfair.fr\/<\/a> arrondissement de Paris ? Que visiter dans le 11e arrondissement de Paris ? Que visiter dans le 10e arrondissement de Paris ?<\/p>\n<h2 id=\"une-foire-pens-e-comme-un-parcours\">Une foire pens&#xE9;e comme un parcours<\/h2>\n<p>Le Mus&#xE9;e Postal, pour plonger au c&#x153;ur de l&apos;histoire des bo&#xEE;tes postales fran&#xE7;aises &#xE0; Paris Le Mus&#xE9;e de l&apos;arm&#xE9;e &#xE0; Paris, un t&#xE9;moin de l&apos;Histoire militaire au c&#x153;ur de l&apos;H&#xF4;tel des Invalides Le Mus&#xE9;e de la Lib&#xE9;ration de Paris, un rendez-vous au c&#x153;ur de la R&#xE9;sistance La Fondation Louis Vuitton, haut lieu de l&apos;art contemporain &#xE0; Paris<\/p>\n<h2 id=\"a-fait-partie-du-projet-de-revitalisation-du-centre-un-nouveau-march-et-des-nouveaut-s-dans-cette-ville-en-gironde\">&quot;&#xC7;a fait partie du projet de revitalisation du centre&quot;: un nouveau march&#xE9; et des nouveaut&#xE9;s dans cette ville en Gironde<\/h2>\n<p>Les bons plans du week-end du 14 au 16 ao&#xFB;t 2026 &#xE0; Paris et en &#xCE;le-de-France Que visiter dans le 17e arrondissement de Paris ? Que visiter dans le 15e arrondissement de Paris ? Que visiter dans le 14e arrondissement de Paris ?<\/p>\n<h3 id=\"cardio-mobilit-et-relaxation-le-programme-sportif-gratuit-du-dimanche-dans-5-parcs-parisiens\">Cardio, mobilit&#xE9; et relaxation : le programme sportif gratuit du dimanche dans 5 parcs parisiens<\/h3>\n<p>Il s&#x2019;agit d&#x2019;un parcours &#xE0; la d&#xE9;couverte des fresques qu&#x2019;il a fait (et continue de faire) r&#xE9;aliser par les plus grands artistes dans les rues du XIIIe, mais surtout sur toute la longueur du boulevard Vincent Auriol. L&#x2019;affaire est entendue, le XIIIe arrondissement parisien est LE quartier de l&#x2019;art urbain, avec des projets comme Street Art 13 (v&#xE9;ritable mus&#xE9;e &#xE0; ciel ouvert), la Tour Paris 13 et les nombreuses galeries. D&#xE9;couvrez les meilleures expositions et les nouvelles parutions de livres de photographie &#xE0; travers le monde avec l&#x2019;Agenda Paris Photo. Un parcours in&#xE9;dit r&#xE9;unissant des &#x153;uvres majeures de la photographie du XX&#x1D49; si&#xE8;cle &#xE0; aujourd&apos;hui. Paris Photo, premi&#xE8;re foire internationale d&#xE9;di&#xE9;e &#xE0; la photographie et &#xE0; l&#x2019;image, revient en novembre prochain pour c&#xE9;l&#xE8;brer sa 29e &#xE9;dition au Grand Palais.<\/p>\n","protected":false},"excerpt":{"rendered":"<p>Content Prix \u00c9tudiants Paris Photo 2026 : d\u00e9couvrez les 20 projets pr\u00e9s\u00e9lectionn\u00e9s Plus de bons plans Arts et culture \u00e0 Paris septembre\u00a0: Cours d\u2019histoire de l\u2019art dans la rue (Paris, 20e et 13e) Une foire pens\u00e9e comme un parcours &#8220;\u00c7a fait partie du projet de revitalisation du centre&#8221;: un nouveau march\u00e9 et des nouveaut\u00e9s dans [&hellip;]<\/p>\n","protected":false},"author":4,"featured_media":0,"comment_status":"open","ping_status":"open","sticky":false,"template":"","format":"standard","meta":{"ocean_post_layout":"","ocean_both_sidebars_style":"","ocean_both_sidebars_content_width":0,"ocean_both_sidebars_sidebars_width":0,"ocean_sidebar":"","ocean_second_sidebar":"","ocean_disable_margins":"enable","ocean_add_body_class":"","ocean_shortcode_before_top_bar":"","ocean_shortcode_after_top_bar":"","ocean_shortcode_before_header":"","ocean_shortcode_after_header":"","ocean_has_shortcode":"","ocean_shortcode_after_title":"","ocean_shortcode_before_footer_widgets":"","ocean_shortcode_after_footer_widgets":"","ocean_shortcode_before_footer_bottom":"","ocean_shortcode_after_footer_bottom":"","ocean_display_top_bar":"default","ocean_display_header":"default","ocean_header_style":"","ocean_center_header_left_menu":"","ocean_custom_header_template":"","ocean_custom_logo":0,"ocean_custom_retina_logo":0,"ocean_custom_logo_max_width":0,"ocean_custom_logo_tablet_max_width":0,"ocean_custom_logo_mobile_max_width":0,"ocean_custom_logo_max_height":0,"ocean_custom_logo_tablet_max_height":0,"ocean_custom_logo_mobile_max_height":0,"ocean_header_custom_menu":"","ocean_menu_typo_font_family":"","ocean_menu_typo_font_subset":"","ocean_menu_typo_font_size":0,"ocean_menu_typo_font_size_tablet":0,"ocean_menu_typo_font_size_mobile":0,"ocean_menu_typo_font_size_unit":"px","ocean_menu_typo_font_weight":"","ocean_menu_typo_font_weight_tablet":"","ocean_menu_typo_font_weight_mobile":"","ocean_menu_typo_transform":"","ocean_menu_typo_transform_tablet":"","ocean_menu_typo_transform_mobile":"","ocean_menu_typo_line_height":0,"ocean_menu_typo_line_height_tablet":0,"ocean_menu_typo_line_height_mobile":0,"ocean_menu_typo_line_height_unit":"","ocean_menu_typo_spacing":0,"ocean_menu_typo_spacing_tablet":0,"ocean_menu_typo_spacing_mobile":0,"ocean_menu_typo_spacing_unit":"","ocean_menu_link_color":"","ocean_menu_link_color_hover":"","ocean_menu_link_color_active":"","ocean_menu_link_background":"","ocean_menu_link_hover_background":"","ocean_menu_link_active_background":"","ocean_menu_social_links_bg":"","ocean_menu_social_hover_links_bg":"","ocean_menu_social_links_color":"","ocean_menu_social_hover_links_color":"","ocean_disable_title":"default","ocean_disable_heading":"default","ocean_post_title":"","ocean_post_subheading":"","ocean_post_title_style":"","ocean_post_title_background_color":"","ocean_post_title_background":0,"ocean_post_title_bg_image_position":"","ocean_post_title_bg_image_attachment":"","ocean_post_title_bg_image_repeat":"","ocean_post_title_bg_image_size":"","ocean_post_title_height":0,"ocean_post_title_bg_overlay":0.5,"ocean_post_title_bg_overlay_color":"","ocean_disable_breadcrumbs":"default","ocean_breadcrumbs_color":"","ocean_breadcrumbs_separator_color":"","ocean_breadcrumbs_links_color":"","ocean_breadcrumbs_links_hover_color":"","ocean_display_footer_widgets":"default","ocean_display_footer_bottom":"default","ocean_custom_footer_template":"","_joinchat":[],"ocean_post_oembed":"","ocean_post_self_hosted_media":"","ocean_post_video_embed":"","ocean_link_format":"","ocean_link_format_target":"self","ocean_quote_format":"","ocean_quote_format_link":"post","ocean_gallery_link_images":"on","ocean_gallery_id":[],"footnotes":""},"categories":[278],"tags":[],"class_list":["post-6710","post","type-post","status-publish","format-standard","hentry","category-13artfair-fr","entry"],"yoast_head":"<!-- This site is optimized with the Yoast SEO plugin v27.5 - https:\/\/yoast.com\/product\/yoast-seo-wordpress\/ -->\n<title>District 13, la foire d&#039;art contemporain urbain revient du 10 au 12 janvier 2025 - \u0645\u062c\u0645\u0648\u0639\u0629 \u0627\u0644\u0639\u0631\u064a\u0641\u064a \u0644\u0644\u062e\u062f\u0645\u0627\u062a \u0627\u0644\u0637\u0628\u064a\u0629 \u0648\u062a\u0645\u0648\u064a\u0646 \u0627\u0644\u0645\u0633\u062a\u0634\u0641\u064a\u0627\u062a<\/title>\n<meta name=\"robots\" content=\"index, follow, max-snippet:-1, max-image-preview:large, max-video-preview:-1\" \/>\n<link rel=\"canonical\" href=\"https:\/\/www.alarifimedical.com\/ar\/h1-district-13-la-foire-d-art-contemporain-urbain\/\" \/>\n<meta property=\"og:locale\" content=\"ar_AR\" \/>\n<meta property=\"og:type\" content=\"article\" \/>\n<meta property=\"og:title\" content=\"District 13, la foire d&#039;art contemporain urbain revient du 10 au 12 janvier 2025 - \u0645\u062c\u0645\u0648\u0639\u0629 \u0627\u0644\u0639\u0631\u064a\u0641\u064a \u0644\u0644\u062e\u062f\u0645\u0627\u062a \u0627\u0644\u0637\u0628\u064a\u0629 \u0648\u062a\u0645\u0648\u064a\u0646 \u0627\u0644\u0645\u0633\u062a\u0634\u0641\u064a\u0627\u062a\" \/>\n<meta property=\"og:description\" content=\"Content Prix \u00c9tudiants Paris Photo 2026 : d\u00e9couvrez les 20 projets pr\u00e9s\u00e9lectionn\u00e9s Plus de bons plans Arts et culture \u00e0 Paris septembre\u00a0: Cours d\u2019histoire de l\u2019art dans la rue (Paris, 20e et 13e) Une foire pens\u00e9e comme un parcours &#8220;\u00c7a fait partie du projet de revitalisation du centre&#8221;: un nouveau march\u00e9 et des nouveaut\u00e9s dans [&hellip;]\" \/>\n<meta property=\"og:url\" content=\"https:\/\/www.alarifimedical.com\/ar\/h1-district-13-la-foire-d-art-contemporain-urbain\/\" \/>\n<meta property=\"og:site_name\" content=\"\u0645\u062c\u0645\u0648\u0639\u0629 \u0627\u0644\u0639\u0631\u064a\u0641\u064a \u0644\u0644\u062e\u062f\u0645\u0627\u062a \u0627\u0644\u0637\u0628\u064a\u0629 \u0648\u062a\u0645\u0648\u064a\u0646 \u0627\u0644\u0645\u0633\u062a\u0634\u0641\u064a\u0627\u062a\" \/>\n<meta property=\"article:publisher\" content=\"https:\/\/www.facebook.com\/613000232086568\" \/>\n<meta property=\"article:published_time\" content=\"2026-04-24T09:44:03+00:00\" \/>\n<meta property=\"article:modified_time\" content=\"2026-08-16T23:26:46+00:00\" \/>\n<meta name=\"author\" content=\"admin-site\" \/>\n<meta name=\"twitter:card\" content=\"summary_large_image\" \/>\n<meta name=\"twitter:label1\" content=\"\u0643\u064f\u062a\u0628 \u0628\u0648\u0627\u0633\u0637\u0629\" \/>\n\t<meta name=\"twitter:data1\" content=\"admin-site\" \/>\n\t<meta name=\"twitter:label2\" content=\"\u0648\u0642\u062a \u0627\u0644\u0642\u0631\u0627\u0621\u0629 \u0627\u0644\u0645\u064f\u0642\u062f\u0651\u0631\" \/>\n\t<meta name=\"twitter:data2\" content=\"7 \u062f\u0642\u0627\u0626\u0642\" \/>\n<script type=\"application\/ld+json\" class=\"yoast-schema-graph\">{\"@context\":\"https:\\\/\\\/schema.org\",\"@graph\":[{\"@type\":\"Article\",\"@id\":\"https:\\\/\\\/www.alarifimedical.com\\\/ar\\\/h1-district-13-la-foire-d-art-contemporain-urbain\\\/#article\",\"isPartOf\":{\"@id\":\"https:\\\/\\\/www.alarifimedical.com\\\/ar\\\/h1-district-13-la-foire-d-art-contemporain-urbain\\\/\"},\"author\":{\"name\":\"admin-site\",\"@id\":\"http:\\\/\\\/www.alarifimedical.com\\\/ar\\\/#\\\/schema\\\/person\\\/47949e5473245e7422a53ca8d25b9697\"},\"headline\":\"District 13, la foire d&#8217;art contemporain urbain revient du 10 au 12 janvier 2025\",\"datePublished\":\"2026-04-24T09:44:03+00:00\",\"dateModified\":\"2026-08-16T23:26:46+00:00\",\"mainEntityOfPage\":{\"@id\":\"https:\\\/\\\/www.alarifimedical.com\\\/ar\\\/h1-district-13-la-foire-d-art-contemporain-urbain\\\/\"},\"wordCount\":1432,\"commentCount\":0,\"publisher\":{\"@id\":\"http:\\\/\\\/www.alarifimedical.com\\\/ar\\\/#organization\"},\"articleSection\":[\"13artfair.fr\"],\"inLanguage\":\"ar\",\"potentialAction\":[{\"@type\":\"CommentAction\",\"name\":\"Comment\",\"target\":[\"https:\\\/\\\/www.alarifimedical.com\\\/ar\\\/h1-district-13-la-foire-d-art-contemporain-urbain\\\/#respond\"]}]},{\"@type\":\"WebPage\",\"@id\":\"https:\\\/\\\/www.alarifimedical.com\\\/ar\\\/h1-district-13-la-foire-d-art-contemporain-urbain\\\/\",\"url\":\"https:\\\/\\\/www.alarifimedical.com\\\/ar\\\/h1-district-13-la-foire-d-art-contemporain-urbain\\\/\",\"name\":\"District 13, la foire d'art contemporain urbain revient du 10 au 12 janvier 2025 - \u0645\u062c\u0645\u0648\u0639\u0629 \u0627\u0644\u0639\u0631\u064a\u0641\u064a \u0644\u0644\u062e\u062f\u0645\u0627\u062a \u0627\u0644\u0637\u0628\u064a\u0629 \u0648\u062a\u0645\u0648\u064a\u0646 \u0627\u0644\u0645\u0633\u062a\u0634\u0641\u064a\u0627\u062a\",\"isPartOf\":{\"@id\":\"http:\\\/\\\/www.alarifimedical.com\\\/ar\\\/#website\"},\"datePublished\":\"2026-04-24T09:44:03+00:00\",\"dateModified\":\"2026-08-16T23:26:46+00:00\",\"breadcrumb\":{\"@id\":\"https:\\\/\\\/www.alarifimedical.com\\\/ar\\\/h1-district-13-la-foire-d-art-contemporain-urbain\\\/#breadcrumb\"},\"inLanguage\":\"ar\",\"potentialAction\":[{\"@type\":\"ReadAction\",\"target\":[\"https:\\\/\\\/www.alarifimedical.com\\\/ar\\\/h1-district-13-la-foire-d-art-contemporain-urbain\\\/\"]}]},{\"@type\":\"BreadcrumbList\",\"@id\":\"https:\\\/\\\/www.alarifimedical.com\\\/ar\\\/h1-district-13-la-foire-d-art-contemporain-urbain\\\/#breadcrumb\",\"itemListElement\":[{\"@type\":\"ListItem\",\"position\":1,\"name\":\"Home\",\"item\":\"http:\\\/\\\/www.alarifimedical.com\\\/ar\\\/\"},{\"@type\":\"ListItem\",\"position\":2,\"name\":\"District 13, la foire d&#8217;art contemporain urbain revient du 10 au 12 janvier 2025\"}]},{\"@type\":\"WebSite\",\"@id\":\"http:\\\/\\\/www.alarifimedical.com\\\/ar\\\/#website\",\"url\":\"http:\\\/\\\/www.alarifimedical.com\\\/ar\\\/\",\"name\":\"\u0645\u062c\u0645\u0648\u0639\u0629 \u0627\u0644\u0639\u0631\u064a\u0641\u064a \u0644\u0644\u062e\u062f\u0645\u0627\u062a \u0627\u0644\u0637\u0628\u064a\u0629 \u0648\u062a\u0645\u0648\u064a\u0646 \u0627\u0644\u0645\u0633\u062a\u0634\u0641\u064a\u0627\u062a\",\"description\":\"\u062a\u0623\u0633\u0633\u062a \u0645\u062c\u0645\u0648\u0639\u0629 \u0627\u0644\u0639\u0631\u064a\u0641\u064a \u0644\u0644\u062e\u062f\u0645\u0627\u062a \u0627\u0644\u0637\u0628\u064a\u0629 \u0648\u062a\u0645\u0648\u064a\u0646 \u0627\u0644\u0645\u0633\u062a\u0634\u0641\u064a\u0627\u062a \u0641\u064a \u0639\u0627\u0645 1997 \u0648\u0628\u062f\u0623\u062a \u0641\u064a \u0627\u0644\u0639\u0646\u0627\u064a\u0629 \u0628\u0627\u0644\u0645\u0639\u062f\u0627\u062a \u0627\u0644\u0637\u0628\u064a\u0629 \u0648\u0623\u062b\u0627\u062b \u0627\u0644\u0645\u062e\u062a\u0628\u0631\u0627\u062a \u0648\u0627\u0644\u0645\u0633\u062a\u0634\u0641\u064a\u0627\u062a \u0648\u0643\u0630\u0644\u0643 \u062c\u0645\u064a\u0639 \u0627\u0644\u0623\u062c\u0647\u0632\u0629 \u0627\u0644\u0637\u0628\u064a\u0629 \u0627\u0644\u0644\u0627\u0632\u0645\u0629.\",\"publisher\":{\"@id\":\"http:\\\/\\\/www.alarifimedical.com\\\/ar\\\/#organization\"},\"potentialAction\":[{\"@type\":\"SearchAction\",\"target\":{\"@type\":\"EntryPoint\",\"urlTemplate\":\"http:\\\/\\\/www.alarifimedical.com\\\/ar\\\/?s={search_term_string}\"},\"query-input\":{\"@type\":\"PropertyValueSpecification\",\"valueRequired\":true,\"valueName\":\"search_term_string\"}}],\"inLanguage\":\"ar\"},{\"@type\":\"Organization\",\"@id\":\"http:\\\/\\\/www.alarifimedical.com\\\/ar\\\/#organization\",\"name\":\"\u0645\u062c\u0645\u0648\u0639\u0629 \u0627\u0644\u0639\u0631\u064a\u0641\u064a \u0644\u0644\u062e\u062f\u0645\u0627\u062a \u0627\u0644\u0637\u0628\u064a\u0629 \u0648\u062a\u0645\u0648\u064a\u0646 \u0627\u0644\u0645\u0633\u062a\u0634\u0641\u064a\u0627\u062a\",\"url\":\"http:\\\/\\\/www.alarifimedical.com\\\/ar\\\/\",\"logo\":{\"@type\":\"ImageObject\",\"inLanguage\":\"ar\",\"@id\":\"http:\\\/\\\/www.alarifimedical.com\\\/ar\\\/#\\\/schema\\\/logo\\\/image\\\/\",\"url\":\"https:\\\/\\\/www.alarifimedical.com\\\/wp-content\\\/uploads\\\/2018\\\/11\\\/logo300.png\",\"contentUrl\":\"https:\\\/\\\/www.alarifimedical.com\\\/wp-content\\\/uploads\\\/2018\\\/11\\\/logo300.png\",\"width\":300,\"height\":207,\"caption\":\"\u0645\u062c\u0645\u0648\u0639\u0629 \u0627\u0644\u0639\u0631\u064a\u0641\u064a \u0644\u0644\u062e\u062f\u0645\u0627\u062a \u0627\u0644\u0637\u0628\u064a\u0629 \u0648\u062a\u0645\u0648\u064a\u0646 \u0627\u0644\u0645\u0633\u062a\u0634\u0641\u064a\u0627\u062a\"},\"image\":{\"@id\":\"http:\\\/\\\/www.alarifimedical.com\\\/ar\\\/#\\\/schema\\\/logo\\\/image\\\/\"},\"sameAs\":[\"https:\\\/\\\/www.facebook.com\\\/613000232086568\"]},{\"@type\":\"Person\",\"@id\":\"http:\\\/\\\/www.alarifimedical.com\\\/ar\\\/#\\\/schema\\\/person\\\/47949e5473245e7422a53ca8d25b9697\",\"name\":\"admin-site\",\"url\":\"https:\\\/\\\/www.alarifimedical.com\\\/ar\\\/author\\\/admin-site\\\/\"}]}<\/script>\n<!-- \/ Yoast SEO plugin. -->","yoast_head_json":{"title":"District 13, la foire d'art contemporain urbain revient du 10 au 12 janvier 2025 - \u0645\u062c\u0645\u0648\u0639\u0629 \u0627\u0644\u0639\u0631\u064a\u0641\u064a \u0644\u0644\u062e\u062f\u0645\u0627\u062a \u0627\u0644\u0637\u0628\u064a\u0629 \u0648\u062a\u0645\u0648\u064a\u0646 \u0627\u0644\u0645\u0633\u062a\u0634\u0641\u064a\u0627\u062a","robots":{"index":"index","follow":"follow","max-snippet":"max-snippet:-1","max-image-preview":"max-image-preview:large","max-video-preview":"max-video-preview:-1"},"canonical":"https:\/\/www.alarifimedical.com\/ar\/h1-district-13-la-foire-d-art-contemporain-urbain\/","og_locale":"ar_AR","og_type":"article","og_title":"District 13, la foire d'art contemporain urbain revient du 10 au 12 janvier 2025 - \u0645\u062c\u0645\u0648\u0639\u0629 \u0627\u0644\u0639\u0631\u064a\u0641\u064a \u0644\u0644\u062e\u062f\u0645\u0627\u062a \u0627\u0644\u0637\u0628\u064a\u0629 \u0648\u062a\u0645\u0648\u064a\u0646 \u0627\u0644\u0645\u0633\u062a\u0634\u0641\u064a\u0627\u062a","og_description":"Content Prix \u00c9tudiants Paris Photo 2026 : d\u00e9couvrez les 20 projets pr\u00e9s\u00e9lectionn\u00e9s Plus de bons plans Arts et culture \u00e0 Paris septembre\u00a0: Cours d\u2019histoire de l\u2019art dans la rue (Paris, 20e et 13e) Une foire pens\u00e9e comme un parcours &#8220;\u00c7a fait partie du projet de revitalisation du centre&#8221;: un nouveau march\u00e9 et des nouveaut\u00e9s dans [&hellip;]","og_url":"https:\/\/www.alarifimedical.com\/ar\/h1-district-13-la-foire-d-art-contemporain-urbain\/","og_site_name":"\u0645\u062c\u0645\u0648\u0639\u0629 \u0627\u0644\u0639\u0631\u064a\u0641\u064a \u0644\u0644\u062e\u062f\u0645\u0627\u062a \u0627\u0644\u0637\u0628\u064a\u0629 \u0648\u062a\u0645\u0648\u064a\u0646 \u0627\u0644\u0645\u0633\u062a\u0634\u0641\u064a\u0627\u062a","article_publisher":"https:\/\/www.facebook.com\/613000232086568","article_published_time":"2026-04-24T09:44:03+00:00","article_modified_time":"2026-08-16T23:26:46+00:00","author":"admin-site","twitter_card":"summary_large_image","twitter_misc":{"\u0643\u064f\u062a\u0628 \u0628\u0648\u0627\u0633\u0637\u0629":"admin-site","\u0648\u0642\u062a \u0627\u0644\u0642\u0631\u0627\u0621\u0629 \u0627\u0644\u0645\u064f\u0642\u062f\u0651\u0631":"7 \u062f\u0642\u0627\u0626\u0642"},"schema":{"@context":"https:\/\/schema.org","@graph":[{"@type":"Article","@id":"https:\/\/www.alarifimedical.com\/ar\/h1-district-13-la-foire-d-art-contemporain-urbain\/#article","isPartOf":{"@id":"https:\/\/www.alarifimedical.com\/ar\/h1-district-13-la-foire-d-art-contemporain-urbain\/"},"author":{"name":"admin-site","@id":"http:\/\/www.alarifimedical.com\/ar\/#\/schema\/person\/47949e5473245e7422a53ca8d25b9697"},"headline":"District 13, la foire d&#8217;art contemporain urbain revient du 10 au 12 janvier 2025","datePublished":"2026-04-24T09:44:03+00:00","dateModified":"2026-08-16T23:26:46+00:00","mainEntityOfPage":{"@id":"https:\/\/www.alarifimedical.com\/ar\/h1-district-13-la-foire-d-art-contemporain-urbain\/"},"wordCount":1432,"commentCount":0,"publisher":{"@id":"http:\/\/www.alarifimedical.com\/ar\/#organization"},"articleSection":["13artfair.fr"],"inLanguage":"ar","potentialAction":[{"@type":"CommentAction","name":"Comment","target":["https:\/\/www.alarifimedical.com\/ar\/h1-district-13-la-foire-d-art-contemporain-urbain\/#respond"]}]},{"@type":"WebPage","@id":"https:\/\/www.alarifimedical.com\/ar\/h1-district-13-la-foire-d-art-contemporain-urbain\/","url":"https:\/\/www.alarifimedical.com\/ar\/h1-district-13-la-foire-d-art-contemporain-urbain\/","name":"District 13, la foire d'art contemporain urbain revient du 10 au 12 janvier 2025 - \u0645\u062c\u0645\u0648\u0639\u0629 \u0627\u0644\u0639\u0631\u064a\u0641\u064a \u0644\u0644\u062e\u062f\u0645\u0627\u062a \u0627\u0644\u0637\u0628\u064a\u0629 \u0648\u062a\u0645\u0648\u064a\u0646 \u0627\u0644\u0645\u0633\u062a\u0634\u0641\u064a\u0627\u062a","isPartOf":{"@id":"http:\/\/www.alarifimedical.com\/ar\/#website"},"datePublished":"2026-04-24T09:44:03+00:00","dateModified":"2026-08-16T23:26:46+00:00","breadcrumb":{"@id":"https:\/\/www.alarifimedical.com\/ar\/h1-district-13-la-foire-d-art-contemporain-urbain\/#breadcrumb"},"inLanguage":"ar","potentialAction":[{"@type":"ReadAction","target":["https:\/\/www.alarifimedical.com\/ar\/h1-district-13-la-foire-d-art-contemporain-urbain\/"]}]},{"@type":"BreadcrumbList","@id":"https:\/\/www.alarifimedical.com\/ar\/h1-district-13-la-foire-d-art-contemporain-urbain\/#breadcrumb","itemListElement":[{"@type":"ListItem","position":1,"name":"Home","item":"http:\/\/www.alarifimedical.com\/ar\/"},{"@type":"ListItem","position":2,"name":"District 13, la foire d&#8217;art contemporain urbain revient du 10 au 12 janvier 2025"}]},{"@type":"WebSite","@id":"http:\/\/www.alarifimedical.com\/ar\/#website","url":"http:\/\/www.alarifimedical.com\/ar\/","name":"\u0645\u062c\u0645\u0648\u0639\u0629 \u0627\u0644\u0639\u0631\u064a\u0641\u064a \u0644\u0644\u062e\u062f\u0645\u0627\u062a \u0627\u0644\u0637\u0628\u064a\u0629 \u0648\u062a\u0645\u0648\u064a\u0646 \u0627\u0644\u0645\u0633\u062a\u0634\u0641\u064a\u0627\u062a","description":"\u062a\u0623\u0633\u0633\u062a \u0645\u062c\u0645\u0648\u0639\u0629 \u0627\u0644\u0639\u0631\u064a\u0641\u064a \u0644\u0644\u062e\u062f\u0645\u0627\u062a \u0627\u0644\u0637\u0628\u064a\u0629 \u0648\u062a\u0645\u0648\u064a\u0646 \u0627\u0644\u0645\u0633\u062a\u0634\u0641\u064a\u0627\u062a \u0641\u064a \u0639\u0627\u0645 1997 \u0648\u0628\u062f\u0623\u062a \u0641\u064a \u0627\u0644\u0639\u0646\u0627\u064a\u0629 \u0628\u0627\u0644\u0645\u0639\u062f\u0627\u062a \u0627\u0644\u0637\u0628\u064a\u0629 \u0648\u0623\u062b\u0627\u062b \u0627\u0644\u0645\u062e\u062a\u0628\u0631\u0627\u062a \u0648\u0627\u0644\u0645\u0633\u062a\u0634\u0641\u064a\u0627\u062a \u0648\u0643\u0630\u0644\u0643 \u062c\u0645\u064a\u0639 \u0627\u0644\u0623\u062c\u0647\u0632\u0629 \u0627\u0644\u0637\u0628\u064a\u0629 \u0627\u0644\u0644\u0627\u0632\u0645\u0629.","publisher":{"@id":"http:\/\/www.alarifimedical.com\/ar\/#organization"},"potentialAction":[{"@type":"SearchAction","target":{"@type":"EntryPoint","urlTemplate":"http:\/\/www.alarifimedical.com\/ar\/?s={search_term_string}"},"query-input":{"@type":"PropertyValueSpecification","valueRequired":true,"valueName":"search_term_string"}}],"inLanguage":"ar"},{"@type":"Organization","@id":"http:\/\/www.alarifimedical.com\/ar\/#organization","name":"\u0645\u062c\u0645\u0648\u0639\u0629 \u0627\u0644\u0639\u0631\u064a\u0641\u064a \u0644\u0644\u062e\u062f\u0645\u0627\u062a \u0627\u0644\u0637\u0628\u064a\u0629 \u0648\u062a\u0645\u0648\u064a\u0646 \u0627\u0644\u0645\u0633\u062a\u0634\u0641\u064a\u0627\u062a","url":"http:\/\/www.alarifimedical.com\/ar\/","logo":{"@type":"ImageObject","inLanguage":"ar","@id":"http:\/\/www.alarifimedical.com\/ar\/#\/schema\/logo\/image\/","url":"https:\/\/www.alarifimedical.com\/wp-content\/uploads\/2018\/11\/logo300.png","contentUrl":"https:\/\/www.alarifimedical.com\/wp-content\/uploads\/2018\/11\/logo300.png","width":300,"height":207,"caption":"\u0645\u062c\u0645\u0648\u0639\u0629 \u0627\u0644\u0639\u0631\u064a\u0641\u064a \u0644\u0644\u062e\u062f\u0645\u0627\u062a \u0627\u0644\u0637\u0628\u064a\u0629 \u0648\u062a\u0645\u0648\u064a\u0646 \u0627\u0644\u0645\u0633\u062a\u0634\u0641\u064a\u0627\u062a"},"image":{"@id":"http:\/\/www.alarifimedical.com\/ar\/#\/schema\/logo\/image\/"},"sameAs":["https:\/\/www.facebook.com\/613000232086568"]},{"@type":"Person","@id":"http:\/\/www.alarifimedical.com\/ar\/#\/schema\/person\/47949e5473245e7422a53ca8d25b9697","name":"admin-site","url":"https:\/\/www.alarifimedical.com\/ar\/author\/admin-site\/"}]}},"_links":{"self":[{"href":"https:\/\/www.alarifimedical.com\/ar\/wp-json\/wp\/v2\/posts\/6710","targetHints":{"allow":["GET"]}}],"collection":[{"href":"https:\/\/www.alarifimedical.com\/ar\/wp-json\/wp\/v2\/posts"}],"about":[{"href":"https:\/\/www.alarifimedical.com\/ar\/wp-json\/wp\/v2\/types\/post"}],"author":[{"embeddable":true,"href":"https:\/\/www.alarifimedical.com\/ar\/wp-json\/wp\/v2\/users\/4"}],"replies":[{"embeddable":true,"href":"https:\/\/www.alarifimedical.com\/ar\/wp-json\/wp\/v2\/comments?post=6710"}],"version-history":[{"count":1,"href":"https:\/\/www.alarifimedical.com\/ar\/wp-json\/wp\/v2\/posts\/6710\/revisions"}],"predecessor-version":[{"id":6711,"href":"https:\/\/www.alarifimedical.com\/ar\/wp-json\/wp\/v2\/posts\/6710\/revisions\/6711"}],"wp:attachment":[{"href":"https:\/\/www.alarifimedical.com\/ar\/wp-json\/wp\/v2\/media?parent=6710"}],"wp:term":[{"taxonomy":"category","embeddable":true,"href":"https:\/\/www.alarifimedical.com\/ar\/wp-json\/wp\/v2\/categories?post=6710"},{"taxonomy":"post_tag","embeddable":true,"href":"https:\/\/www.alarifimedical.com\/ar\/wp-json\/wp\/v2\/tags?post=6710"}],"curies":[{"name":"wp","href":"https:\/\/api.w.org\/{rel}","templated":true}]}}